{"id":22441,"name":"\u00c4nder Schanck","url":"","description":"\u00c4nder Schanck ist auf einem Bauernhof aufgewachsen. Er studierte Maschinenbau, war eine kurze Etappe in der Baubranche t\u00e4tig und arbeitete dann mehrere Jahre als Landwirt auf dem Betrieb seines Bruders. Vor gut 35 Jahren wurde der Grundstein f\u00fcr die Vermarktungsbetriebe gelegt. Zun\u00e4chst gr\u00fcndete sich die BIOG-Genossenschaft, dann entstanden die ersten Naturata-Biol\u00e4den in Luxemburg. Dar\u00fcber wurden die Netzwerke zu den angehenden biologischen und biodynamischen Betrieben assoziativ aufgebaut und Verarbeitungsbetriebe und der Gro\u00dfhandel entwickelt, der auch an konventionelle Superm\u00e4rkte Biowaren liefert. Parallel dazu sind die landwirtschaftlichen Bioverb\u00e4nde (unter anderen auch Demeter Luxemburg) begleitet worden, und es kam zur Beteiligung an verschiedenen Energieprojekten. Die Oikopolis-Gruppe besch\u00e4ftigt heute ca. 330 Mitarbeitende in 15 Betrieben mit einem konsolidierten Umsatz von ca. 55 Millionen Euro pro Jahr.","link":"https:\/\/dasgoetheanum.com\/en\/author\/aender-schanck-2\/","slug":"aender-schanck-2","avatar_urls":{"24":"https:\/\/secure.gravatar.com\/avatar\/3ad21581b45d846d2a0df47c32d9a2d2?s=24&d=https%3A%2F%2Fdasgoetheanum.com%2Fwp-content%2Fuploads%2F2025%2F05%2Fcropped-gold-profil-200x200.jpg&r=g","48":"https:\/\/secure.gravatar.com\/avatar\/3ad21581b45d846d2a0df47c32d9a2d2?s=48&d=https%3A%2F%2Fdasgoetheanum.com%2Fwp-content%2Fuploads%2F2025%2F05%2Fcropped-gold-profil-200x200.jpg&r=g","96":"https:\/\/secure.gravatar.com\/avatar\/3ad21581b45d846d2a0df47c32d9a2d2?s=96&d=https%3A%2F%2Fdasgoetheanum.com%2Fwp-content%2Fuploads%2F2025%2F05%2Fcropped-gold-profil-200x200.jpg&r=g"},"meta":[],"acf":[],"simple_local_avatar":null,"leaky_paywall_meta":{"level_id":"","subscriber_id":"","price":"","plan":"","created":"","expires":"","has_access":true,"payment_gateway":"","payment_status":""},"_links":{"self":[{"href":"https:\/\/dasgoetheanum.com\/en\/wp-json\/wp\/v2\/users\/22441","targetHints":{"allow":["GET"]}}],"collection":[{"href":"https:\/\/dasgoetheanum.com\/en\/wp-json\/wp\/v2\/users"}]}}