{"id":74175,"date":"2026-09-03T10:57:56","date_gmt":"2026-09-03T08:57:56","guid":{"rendered":"https:\/\/dasgoetheanum.com\/?p=74175"},"modified":"2026-09-03T10:57:59","modified_gmt":"2026-09-03T08:57:59","slug":"embodied-in-a-sense-of-life","status":"publish","type":"post","link":"https:\/\/dasgoetheanum.com\/en\/embodied-in-a-sense-of-life\/","title":{"rendered":"Embodied in a Sense of Life"},"content":{"rendered":"\n<p><strong>Our embodied existence can also become an inner battleground. It both conditions and empowers us. But who, exactly, is it that has become embodied? Andreas Laudert invites us to interpret the signatures of our incarnation as images.<\/strong><\/p>\n\n\n\n<hr class=\"wp-block-separator has-alpha-channel-opacity\"\/>\n\n\n\n<p>\u201cWhy is youth the most sumptuous time of life? [.\u00a0.\u00a0.] Nothing is yet determined, and all is possible\u2014the hand still plays, capriciously, hesitantly, with the lots in the urn of destiny. [.\u00a0.\u00a0.] Ah, the life of man, like every river, is at its highest where it begins. It flows on only by falling\u2014we must all flow into the sea\u2014[.\u00a0.\u00a0.]\u201d \u2014 Heinrich von Kleist.<span id='easy-footnote-1-74175' class='easy-footnote-margin-adjust'><\/span><span class='easy-footnote'><a href='https:\/\/dasgoetheanum.com\/en\/embodied-in-a-sense-of-life\/#easy-footnote-bottom-1-74175' title='Heinrich von Kleist to Adolphine von Werdeck, Paris, July 28 &amp;amp; 29, 1801, in &lt;em&gt;Kleist: Geschichte meiner Seele: Das Lebenszeugnis der Briefe&lt;\/em&gt; [History of my soul: Testimony of his life in his letters], edited by Helmut Sembner (Frankfurt am Main: Insel, 1977).'><sup>1<\/sup><\/a><\/span><\/p>\n\n\n\n<p>Perhaps one day we\u2019ll look back on our time as the era when we became disembodied. At some point, we stopped exchanging goods and began only exchanging data and information; we no longer paid with coins or paper money but via digital transfer; we no longer shook hands but sent each other text messages; we no longer visited each other in a house made of clay, wood, or concrete, but exclusively through our websites; we no longer printed books but uploaded everything to the cloud. And one day, we look down at ourselves in amazement: Was that what we wanted? Had living in a physical body been so exhausting? Then we break into a sweat\u2014finally, again. We want to go back and rewrite history. After all, the Word became flesh not without reason, and it dwelt among us not without purpose, for in it was life, and what mattered was the living; it is what always matters\u2014always and everywhere\u2014whether we are heavenly or earthly, embodied or spiritualized, whether we write books or build houses, prepare a meal or a place to sleep, whether we have a home or no place to lay our heads.<\/p>\n\n\n\n<h3 class=\"wp-block-heading\">Getting Close with Your Own Physical Body<\/h3>\n\n\n\n<p>Everything in the surroundings of my incarnation\u2014the spatial circumstances of my upbringing\u2014was cramped. Our house had small rooms and a narrow stairwell, and the valley of the Rhine, into which our winegrowing village nestled, was so narrow that in winter, not a single ray of sunlight reached the village center where we lived. Time and again, people in the village took their own lives. They would hang themselves in barns or take plant poison. \u201cE605\u201d [parathion] people would whisper. The causes were alcoholism, loneliness, and poverty. It wasn\u2019t until after I left school that I realized I came from a \u201cpoor\u201d family. Shortly afterward it came to light that my father\u2014without telling anyone\u2014had accumulated a quarter of a million in debt. He had apparently been, among other things, a dreamer. For decades after, our house belonged to the bank. The lack of possessions, the absence of so-called savings, and the knowledge that I would soon no longer have a parental home, let alone one of my own, affected my physical body and, thereby, my sense of life in the world. I always felt somehow bodiless and homeless, like a perpetual guest, as if I had no identity.<\/p>\n\n\n\n<p>The German word <em>Angst<\/em>, fear, stems from <em>Enge<\/em>, tightness or constriction. As a child, I was often afraid of anything corporeal, and that continued into my teenage years. I hated going to the doctor and avoided it whenever possible, which is still the case today. I rarely get sick, but a mixture of constantly \u201cbeing too late\u201d and \u201ctoo early\u201d\u2014and the associated anxiety\u2014shaped me from an early age. Socially, I often felt like I was caught in the middle\u2014rarely in a secure, harmonious flow with those around me; outwardly, yes, but not deep down inside. I actually had three siblings, but in the day-to-day reality of my childhood and early adolescence, I was an only child. My mother and father were both nearly forty-five when I was born, and my siblings were born thirteen, fifteen, and seventeen years earlier. By the time I was three, they had all left home. I felt a constant impatience, but, just as much, a strong hesitation. Even the influence of the stars catapulted me symbolically into an everlasting tomorrow. The Waterbearer defines my personality; my sun, ascendant, moon, and Mercury are all in this sign.<\/p>\n\n\n\n<p>Nothing was ever more sacred to me than the feeling of friendship in a deep and loyal sense\u2014human friendship, shared spiritual striving. And yet, this disposition of mine often tore me away from precisely such idealistic connections. The feeling of alienation in my childhood home kept recurring. I felt like a friend and a stranger, like a guest, and yet like someone who was somehow \u201cunder scrutiny.\u201d I felt observed but not seen. I felt I belonged, yet remained unconnected. I became a writer\u2014and found that some people perceived my writings as unusually personal\u2014even too personal\u2014especially in anthroposophical circles. On the literary scene, however, people had no problem with such \u201ctraces of life,\u201d as a profile in the <em>S\u00fcddeutsche Zeitung<\/em> once put it. Rather, my themes, plots, and characters were perceived as actually impersonal; it was as if the dramaturgs sensed that, in truth, the plays contained something else, something transpersonal that never quite came to the surface. There was something intangible there, something restrained, hidden, something unembodied, something that did not step out of itself; people didn\u2019t know what to make of me, how to categorize me, or perhaps even whether they could trust me.<\/p>\n\n\n\n<p>I was born on Carnival Sunday: the idea of being someone else; the motifs of the mask and split personality were added to the mix. Nature presented itself veiled at my birth; vast amounts of snow fell for days on end, everything was white, and though all life in February was already bustling beneath the ground, it remained concealed and unnoticed. In my youth, I sensed that there was an excess of vitality and energy within me; even my best friend attested to this and seemed to admire it. I like to approach things with an innocent curiosity and agility. But I don\u2019t like to engage with the physical on a meta-level: scientifically, medically, analytically, in relation to nature, craftsmanship, biology, or matter. I deal with earthly matters naively and \u201csoulishly.\u201d I still feel only half on the Earth.<\/p>\n\n\n<div class=\"wp-block-image\">\n<figure class=\"alignleft size-large is-resized\"><img decoding=\"async\" width=\"1325\" height=\"1024\" src=\"https:\/\/dasgoetheanum.com\/wp-content\/uploads\/2026\/07\/G2026_33-34_Web_15-1325x1024.jpg\" alt=\"\" class=\"wp-image-73597\" style=\"width:450px\" srcset=\"https:\/\/dasgoetheanum.com\/wp-content\/uploads\/2026\/07\/G2026_33-34_Web_15-1325x1024.jpg 1325w, https:\/\/dasgoetheanum.com\/wp-content\/uploads\/2026\/07\/G2026_33-34_Web_15-300x232.jpg 300w, https:\/\/dasgoetheanum.com\/wp-content\/uploads\/2026\/07\/G2026_33-34_Web_15-770x595.jpg 770w, https:\/\/dasgoetheanum.com\/wp-content\/uploads\/2026\/07\/G2026_33-34_Web_15.jpg 1500w\" sizes=\"(max-width: 1325px) 100vw, 1325px\" \/><figcaption class=\"wp-element-caption\"><em>Fr\u00fchlingslandschaft im Hunsr\u00fcck<\/em> [Spring Landscape in the Hunsr\u00fcck], ca. 1920, Friedrich Karl Str\u00f6her (1876\u20131925), Source: Hunsr\u00fcck Museum, Simmern, CC NY-NC-SA<\/figcaption><\/figure><\/div>\n\n\n<h3 class=\"wp-block-heading\">Does My Body Belong to Me?<\/h3>\n\n\n\n<p>\u201cHow was it with others?\u201d I often wondered. How do they feel in their bodies? How does the garment of their first and last names fit them? How do they move through the landscapes and homes of their childhood; and how do those places smell and taste? What does embodiment feel like to them?<\/p>\n\n\n\n<p>The German prefix \u201c<em>ver\u2013<\/em>\u201d gives rather varied meanings: I can fall in love [<em>verlieben<\/em>]; I can make a mistake [<em>vertun<\/em>]; I can commit crimes [<em>Verbrechen<\/em>] and acts of betrayal [<em>Verrat<\/em>]; I can assault someone [<em>vergehen<\/em>]; and I myself can fall into ruin [<em>vergehe<\/em>]; I can evoke ecstasy [<em>Verz\u00fcckung<\/em>] and mourn losses [<em>Verluste<\/em>]; I can suffer from my own perishability [<em>Verg\u00e4nglichkeit<\/em>] and show understanding [<em>Verst\u00e4ndnis<\/em>]; I can be crazy [<em>verr\u00fcckt<\/em>] and reasonable [<em>vern\u00fcnftig<\/em>], entangled [<em>verstrickt<\/em>], and desperate [<em>verzweifelt<\/em>].<\/p>\n\n\n\n<p>And I can be embodied [<em>verk\u00f6rpern<\/em>]. We are embodied beings. I can embody something, and something embodies something else; I have been embodied and yet live autonomously within my body, and when I leave it [<em>verlasse<\/em>], I become spiritualized [<em>vergeistige<\/em>]. But in everyday life, being spiritualized also refers to a quality. No one, however, says, \u201cso-and-so seems so embodied.\u201d Rather, being embodied is the self-evident presupposition for my being able to appear spiritualized. Can I also \u201cbecome soulified\u201d[<em>verseelen<\/em>]? Why are there only the expressions \u201censouled\u201d [<em>beseelt<\/em>] or \u201csoulless\u201d [<em>seelenlos<\/em>]?<\/p>\n\n\n\n<p>All embodiment is a form of manifestation. It is only through a physical body that things become visible in space and amenable to discussion. I take my starting point from the body. It\u2019s like a corporate body, the site notice or colophon [<em>impressum<\/em>] on a website of an enterprise with a tax ID number. And yet, perishability is inherent in all forms of embodiment. The form that a thing has taken on for a time dies, just as the physical body dies. I can keep myself in shape well into old age, and yet the essence of form continues to work upon me.<\/p>\n\n\n\n<p>Everything that has to do with the development of form, change, and perishability is confronted with the question of possession. In my home village, we children were introduced not only as family members but as belonging to our parents or the family in question, \u201cThat\u2019s our\u00a0.\u00a0.\u00a0.,\u201d and, in German, girls were \u201c<em>das <\/em>Anja, <em>das <\/em>Christine\u201d\u2014objects.<span id='easy-footnote-2-74175' class='easy-footnote-margin-adjust'><\/span><span class='easy-footnote'><a href='https:\/\/dasgoetheanum.com\/en\/embodied-in-a-sense-of-life\/#easy-footnote-bottom-2-74175' title='\u201c&lt;em&gt;Das&lt;\/em&gt;\u201d is the German neuter definite article (\u201cthe\u201d), often used for objects, things, and abstract entities; e.g., &lt;em&gt;das M\u00e4dchen&lt;\/em&gt;, the girl. However, objects may also be designated by the masculine (&lt;em&gt;der&lt;\/em&gt;) or feminine (&lt;em&gt;die&lt;\/em&gt;) definite articles\u2014Trans. note.'><sup>2<\/sup><\/a><\/span> A demon can take possession of a physical body; in the Gospels, Christ is called upon to cast them out. Christ Jesus himself was also a human body embraced by a divine being, and yet we would never say that Jesus was possessed. I can take spiritual control of the most diverse levels and members of my constitution. I belong to myself. My physical body belongs to me. And my \u201cbelonging-to-myself\u201d belongs to the cosmos; it is a quality of the cosmos. I dwell within it and it within me.<\/p>\n\n\n\n<p>Here begins the moral balancing act, for \u201cmy body belongs to me\u201d was feminism\u2019s bitter cry in the context of the abortion debate. Young women today explicitly embrace this slogan when, for example, they argue in classroom discussions that, even when it comes to loving relationships (not just in cases of rape), only the woman should ultimately decide whether a child is brought into the world, that is, whether a human being is helped to become embodied\u2014or not. When it comes to the question of embodiment, physical pain plays a profound role, as does, in this case, the perceived injustice that only women have to pay the price of their femininity for half their lives\u2014and, moreover, have had to endure bodily suffering at the hands of male violence for centuries, right up to the present day. This, too, is part of the history of the villages.<\/p>\n\n\n\n<h3 class=\"wp-block-heading\">Who Becomes Embodied?<\/h3>\n\n\n\n<p>The assertion that we undergo embodiment as only either women or men (or even the indication that we alternate between incarnating as women and men) is no longer normative today. It is precisely here, in the earthly realm, that spiritual signatures and earthly labels seem to have become jumbled and shifted for some time now. Some human beings no longer experience the choice of sex made by their physical body as the choice that their soul, their \u2018I\u2019, intended to make. They feel as though they are stuck in the wrong body. But who or what, then, determined or chose the constitution of their physical body? Doesn\u2019t the very grammar of the sentence \u201cI have embodied myself\u201d attribute an active, conscious participation of the \u2018I\u2019? When I once asked my mother why she had given birth to me so long after her previous child, she thought for a moment and then said, \u201cOh, you were just supposed to live!\u201d (Or did she say, \u201cYou wanted to\u201d?) When friends visited me back then, they often said, \u201cStrange, somehow you don\u2019t really belong here!\u201d But where, then? I thought. What good is the subjunctive? Where would I have belonged? When does my origin bind me, even though I experience it as non-binding, or see myself as not being bound to it?<\/p>\n\n\n\n<p>Talking about one\u2019s own personal embodiment is strange and not easy. One can do so through a posture that Rudolf Steiner designated as belonging to the consciousness soul. This is a way of looking at oneself with a certain sense of wonder and surprise, with the interest of a scientific researcher, and perhaps also with the neutral interest of a writer. In this vein, Nobel Prize-winning author Annie Ernaux describes herself as an ethnologist of her own self. And in like manner the entrepreneur Daniel H\u00e4ni recently wrote about his impulse to make the ideas of re-embodiment and karma more open to public discussion.<span id='easy-footnote-3-74175' class='easy-footnote-margin-adjust'><\/span><span class='easy-footnote'><a href='https:\/\/dasgoetheanum.com\/en\/embodied-in-a-sense-of-life\/#easy-footnote-bottom-3-74175' title='Daniel H\u00e4ni and Enno Schmidt, \u201c&lt;a href=&quot;https:\/\/dasgoetheanum.com\/en\/karma-for-everyone\/&quot; target=&quot;_blank&quot; rel=&quot;noreferrer noopener&quot;&gt;Karma for Everyone&lt;\/a&gt;,\u201d &lt;em&gt;Das Goetheanum: English Edition&lt;\/em&gt;, 2026\/11.'><sup>3<\/sup><\/a><\/span><\/p>\n\n\n\n<p>Perhaps I can start off with my own sense of life. As close as it is to us as individuals, it\u2019s difficult to describe; our words always feel inadequate or too vague, perhaps precisely because it\u2019s so close to us and we hardly ever reflect upon it. Does the way I\u2019ve embodied myself affect my sense of life? How does my incarnation feel? How do I answer the question, \u201cHow, or when, do you feel yourself?\u201d<\/p>\n\n\n<div class=\"wp-block-image\">\n<figure class=\"alignright size-large is-resized\"><img decoding=\"async\" width=\"683\" height=\"1024\" src=\"https:\/\/dasgoetheanum.com\/wp-content\/uploads\/2026\/07\/G2026_33-34_Web_14-683x1024.jpg\" alt=\"\" class=\"wp-image-73595\" style=\"width:350px\" srcset=\"https:\/\/dasgoetheanum.com\/wp-content\/uploads\/2026\/07\/G2026_33-34_Web_14-683x1024.jpg 683w, https:\/\/dasgoetheanum.com\/wp-content\/uploads\/2026\/07\/G2026_33-34_Web_14-200x300.jpg 200w, https:\/\/dasgoetheanum.com\/wp-content\/uploads\/2026\/07\/G2026_33-34_Web_14-770x1155.jpg 770w, https:\/\/dasgoetheanum.com\/wp-content\/uploads\/2026\/07\/G2026_33-34_Web_14.jpg 1000w\" sizes=\"(max-width: 683px) 100vw, 683px\" \/><figcaption class=\"wp-element-caption\">Photo: Claude Nai<\/figcaption><\/figure><\/div>\n\n\n<h3 class=\"wp-block-heading\">On the Middle Rhine<\/h3>\n\n\n\n<p>\u201cFrom Mainz, I traveled with Ulriken down the Rhine to Koblenz. Ah, what a place, like a poet\u2019s dream; even the most lush fantasy could not conceive of anything more beautiful than this valley, which now opens up, now closes in, now blooms, now lies barren, now smiles, now strikes fear\u201d \u2014 Kleist.<span id='easy-footnote-4-74175' class='easy-footnote-margin-adjust'><\/span><span class='easy-footnote'><a href='https:\/\/dasgoetheanum.com\/en\/embodied-in-a-sense-of-life\/#easy-footnote-bottom-4-74175' title='See footnote 1.'><sup>4<\/sup><\/a><\/span><\/p>\n\n\n\n<p>The fact that I grew up on the Middle Rhine has taken on a greater resonance and significance for me over the years. This region is a UNESCO World Heritage Site, and countless people have taken the train between Mainz and Koblenz at least once and been impressed by the landscape with its many castles. There\u2019s something enchanting and nostalgic about the Middle Rhine Valley. The white steamboats and the campgrounds across from Loreley Rock are reminiscent of Polaroid-era vacations from the 1970s; the \u201cResidents Only\u201d signs on the dirt roads through the vineyards are yellowing and weathered, the white in the middle is dirty and rusty, and the red circle around it is faint and pale. In the villages, many have lost their property to globalization; others have adapted and brought their wineries in line with the spirit of the times.<\/p>\n\n\n\n<p>I\u2019ve always loved the middle of the Middle Rhine. Even as a child, people would so wonderfully and unquestioningly welcome you into their midst at the festivals in the wine cellars or at the edge of the forest in the nearby Hunsr\u00fcck, where a path led up into one of the four side valleys in which our village lay. I never really understood this middle; I felt like I was on the outside. But that\u2019s precisely why it felt so good and was perhaps essential for survival. The simple fact that, as a child, you belonged, that everyone knew you and greeted you warmly when you walked through a door, or when you scored a goal in the Upper Valley vs. Lower Valley soccer tournament, or when you had your first girlfriend. The people there always needed that middle position, that longing for harmony, that gift of humor.<\/p>\n\n\n\n<p>True, as is usually the case in the countryside, anything foreign or unusual was initially gawked at or marveled at, but I always found the people of my hometown to be open\u2014always ready to simply wave someone over for a glass of wine in front of the house on summer evenings. I took these people to be like true children who simply wanted to enjoy life, as people who were always more inclined to bridge divides than turn away. They knew that their postwar living room bookcases didn\u2019t hold scholarly books, but rather <em>Der gro\u00dfe Brockhaus<\/em> [standard German encyclopedia], novels by Uta Danella, and the Rhineland-Palatinate regional yearbook. But that didn\u2019t make them hard-headed; instead, they always went on the warm-hearted offensive. Or they were moved when someone said something profound, perhaps even about death\u2014words they might not have fully understood but to which they nodded solemnly, and their solemnity was genuine. In the Middle Rhine region, the Rhine Valley narrows; the river does not continue to flow gently and broadly but winds its way between rugged cliffs, dark and triumphant. The village was like a dark womb where one curls up, drinks schnapps, feels safe, and at the same time heavy and wistful, waiting for birth and for the light of the world, which one also fears at that very moment.<\/p>\n\n\n\n<h3 class=\"wp-block-heading\">The Activity of Making Yourself at Home<\/h3>\n\n\n\n<p>Perhaps this is why the sense of life, especially among artists, is often characterized by a desire to reincarnate a second time in objects, bodies of text, or soundscapes\u2014because life in the physical body, or within their respective societies, overwhelms them. Or because the life task they feel called to pursue must be further worked out from another place. For many writers, their own work was like a surrogate body through which they have made a home in the world for themselves. Making a home for oneself, like the act of ensoulment, becomes an activity, just as the word \u201cembodiment\u201d [<em>verk\u00f6rpern<\/em>] can carry that nuance of trafficking or inverting [<em>verkehren<\/em>]. Many of those who were only suggestively incarnated did not live to old age, such as Novalis and Kleist, who, in his letters, wistfully recalls a few days of his youth in Mainz and describes the Rhine as if it were a human being; or Karoline von G\u00fcnderrode, who stabbed herself to death on the banks of the Rhine in the Rheingau; or Georg B\u00fcchner; or, even to this day, many musicians.<\/p>\n\n\n\n<p>But what does it mean that we are all becoming more or less disembodied today? That we are currently creating\u2014more or less\u2014a digital world that serves as a substitute for the bodily world? After all, the cashless is also the baseless, the bodiless, the immaterial; the digital text that is no longer necessarily published as a paper printout, that no longer needs to have \u201cflesh\u201d; the composition of text messages in any form as already sufficient social contact\u2014do they promote a world that is fleeting? Perhaps the question must remain open. Perhaps it is simply the course of the world\u2019s existence. Nevertheless, there is a meaning and a force of words in \u201cembodiment\u201d that remains indestructible and essential. For whether I do it lightly or intensively, whether I am massive or tender, firm or soft\u2014it is the body alone that gives a thing weight and meaning. Even the soul, the world of the stars, needs a dwelling place within the human being, an astral body, in order to be what it is and to let us feel that we exist.<\/p>\n\n\n\n<blockquote class=\"wp-block-quote is-layout-flow wp-block-quote-is-layout-flow\">\n<p style=\"font-size:24px\"><strong>Live<\/strong><br><br>Pack your bundle of comfort,<br>the tobacco, the wine, your childhood,<br>lace up your shoes and live.<br>Let your love be\u2014let it be.<br>And the dew on her eyelids, too,<br>because her sleep drifts in pools of tears,<br>without rest,<br>without love\u2014<br>live.<br><br>Entrust your madness to the silence,<br>don\u2019t reserve it only for words; keep it,<br>hold on to it.<br>Pet the dogs in the courtyards;<br>think of the people who will come\u2014<br>live.<br><br>Pack your bundle of comfort,<br>the tobacco, the wine,<br>lace up your shoes and go.<\/p>\n<\/blockquote>\n\n\n\n<blockquote class=\"wp-block-quote is-layout-flow wp-block-quote-is-layout-flow\">\n<p style=\"font-size:24px\"><strong>Lebe<\/strong><br>Pack dein B\u00fcndel Trost,<br>den Tabak den Wein deine Kindheit,<br>schn\u00fcr deine Schuh und lebe.<br>Lass deine Liebe lass sie sein.<br>Und auch den Tau auf ihren Lidern,<br>weil ihr Schlaf in Tr\u00e4nenweihern treibt,<br>ohn Ruh<br>ohn Lieb<br>lebe.<br>Vertrau deinen Wahnsinn der Stille an,<br>behalt ihn den Worten nicht vor, behalt ihn,<br>halt ihn fest.<br>Streichle die Hunde auf den H\u00f6fen,<br>denk an die Menschen, die kommen werden,<br>lebe.<br>Pack dein B\u00fcndel Trost,<br>den Tabak den Wein,<br>schn\u00fcr deine Schuh und geh.<span id='easy-footnote-5-74175' class='easy-footnote-margin-adjust'><\/span><span class='easy-footnote'><a href='https:\/\/dasgoetheanum.com\/en\/embodied-in-a-sense-of-life\/#easy-footnote-bottom-5-74175' title='Andreas Laudert, &lt;em&gt;Gedichte&lt;\/em&gt; [Poems] (Gifkendorf: Merlin-Verlag, 2003).'><sup>5<\/sup><\/a><\/span><\/p>\n<\/blockquote>\n\n\n\n<hr class=\"wp-block-separator has-alpha-channel-opacity\"\/>\n\n\n\n<p><strong>Translation <\/strong>Joshua Kelberman<\/p>\n","protected":false},"excerpt":{"rendered":"<p>Our embodied existence can also become an inner battleground. It both conditions and empowers us. But who, exactly, is it that has become embodied? Andreas Laudert invites us to interpret the signatures of our incarnation as images. \u201cWhy is youth the most sumptuous time of life? [.\u00a0.\u00a0.] Nothing is yet determined, and all is possible\u2014the hand still plays, capriciously, hesitantly, with the lots in the urn of destiny. [.\u00a0.\u00a0.] Ah, the life of man, like every river, is at its [&hellip;]<\/p>\n","protected":false},"author":9164,"featured_media":73594,"comment_status":"open","ping_status":"open","sticky":false,"template":"","format":"standard","meta":{"_acf_changed":false,"footnotes":""},"categories":[9147,8788],"tags":[11827,11832,8814],"class_list":["post-74175","post","type-post","status-publish","format-standard","has-post-thumbnail","hentry","category-becoming-human","category-essay-en","tag-ausgabe-33-34-2026-en","tag-english-issue-36-2026","tag-musings"],"acf":[],"_links":{"self":[{"href":"https:\/\/dasgoetheanum.com\/en\/wp-json\/wp\/v2\/posts\/74175","targetHints":{"allow":["GET"]}}],"collection":[{"href":"https:\/\/dasgoetheanum.com\/en\/wp-json\/wp\/v2\/posts"}],"about":[{"href":"https:\/\/dasgoetheanum.com\/en\/wp-json\/wp\/v2\/types\/post"}],"author":[{"embeddable":true,"href":"https:\/\/dasgoetheanum.com\/en\/wp-json\/wp\/v2\/users\/9164"}],"replies":[{"embeddable":true,"href":"https:\/\/dasgoetheanum.com\/en\/wp-json\/wp\/v2\/comments?post=74175"}],"version-history":[{"count":2,"href":"https:\/\/dasgoetheanum.com\/en\/wp-json\/wp\/v2\/posts\/74175\/revisions"}],"predecessor-version":[{"id":74197,"href":"https:\/\/dasgoetheanum.com\/en\/wp-json\/wp\/v2\/posts\/74175\/revisions\/74197"}],"wp:featuredmedia":[{"embeddable":true,"href":"https:\/\/dasgoetheanum.com\/en\/wp-json\/wp\/v2\/media\/73594"}],"wp:attachment":[{"href":"https:\/\/dasgoetheanum.com\/en\/wp-json\/wp\/v2\/media?parent=74175"}],"wp:term":[{"taxonomy":"category","embeddable":true,"href":"https:\/\/dasgoetheanum.com\/en\/wp-json\/wp\/v2\/categories?post=74175"},{"taxonomy":"post_tag","embeddable":true,"href":"https:\/\/dasgoetheanum.com\/en\/wp-json\/wp\/v2\/tags?post=74175"}],"curies":[{"name":"wp","href":"https:\/\/api.w.org\/{rel}","templated":true}]}}