{"id":62905,"date":"2025-01-30T20:34:23","date_gmt":"2025-01-30T19:34:23","guid":{"rendered":"https:\/\/dasgoetheanum.com\/?p=62905"},"modified":"2025-01-31T13:15:25","modified_gmt":"2025-01-31T12:15:25","slug":"jacques-lusseyran-and-the-economy-of-light","status":"publish","type":"post","link":"https:\/\/dasgoetheanum.com\/en\/jacques-lusseyran-and-the-economy-of-light\/","title":{"rendered":"Jacques Lusseyran and the Economy of Light"},"content":{"rendered":"\n<p><strong>Despite his blindness, the experience of light reported by Jacques Lusseyran opens up new perspectives on the nature of light. Lusseyran draws attention to the inner dimension of light and shows how much there is behind what he called the \u201ceconomy of light.\u201d<\/strong><\/p>\n\n\n\n<hr class=\"wp-block-separator has-alpha-channel-opacity\"\/>\n\n\n\n<p>\u201cThe moment I lost my sight, I found the light within me unchanged. I didn\u2019t need to remember what it was for my eyes&nbsp;anymore\u2026 it was there, in my mind and in my body. It was inscribed there in its entirety. The light was there, together with all visible forms, colors, and lines, with the same force that it has in the world of eyes, namely, to grow and to fade, to move\u2026 I emphasize that everything I encountered was immediately seen, not touched or heard; it emerged, taking on form and color on an inner screen. And this was without me doing anything to trigger the phenomenon. How could I have done anything, since I was only eight years old?\u201d<span id='easy-footnote-1-62905' class='easy-footnote-margin-adjust'><\/span><span class='easy-footnote'><a href='https:\/\/dasgoetheanum.com\/en\/jacques-lusseyran-and-the-economy-of-light\/#easy-footnote-bottom-1-62905' title='Jacques Lusseyran, \u201cUn nouveau regard sur le monde,\u201d [A new way of looking at the world] in: &lt;em&gt;La lumi\u00e8re dans les t\u00e9n\u00e8bres&lt;\/em&gt; [Light in the darkness] (Paris: \u00c9ditions Triades, 2002); [cf. \u201cBlindness, a New Seeing of the World,\u201d in &lt;em&gt;Against the Pollution of the I: Selected Writings of Jacques Lusseyran&lt;\/em&gt; (New York: Parabola, 1999).]'><sup>1<\/sup><\/a><\/span><\/p>\n\n\n\n<p>When Jacques Lusseyran was suddenly blinded in an accident, the light was not taken away but continued to illuminate him. \u201cThe light that I continued to see without my eyes was the same as before. But my position in relation to that light had changed: I was closer to its source.\u201d<span id='easy-footnote-2-62905' class='easy-footnote-margin-adjust'><\/span><span class='easy-footnote'><a href='https:\/\/dasgoetheanum.com\/en\/jacques-lusseyran-and-the-economy-of-light\/#easy-footnote-bottom-2-62905' title='Ibid.'><sup>2<\/sup><\/a><\/span><\/p>\n\n\n\n<p>This astounding testimony can inspire us to change our relationship with light. Since Isaac Newton, science has given itself the task of studying the light that exists outside of human beings in a mechanical way, as a phenomenon that occurs in space and time. This approach ignores the fact that, within the human being, light is also an experience of consciousness. \u201cA dark foreboding,\u201d \u201call clear,\u201d \u201cshedding light on something\u201d: these expressions point to the close relationship between light and knowledge. Thinking and understanding have to do with clarity of soul.<\/p>\n\n\n\n<p>We perceive light in two ways: from outside, through our eyes, and from inside, when we \u201csee\u201d something clearly. The physicist who measures the vibrational frequency of a color through refraction in a prism registers the outer light. The inner light is considered to be a subjective, and thus unreal, experience.<\/p>\n\n\n\n<h3 class=\"wp-block-heading\">Inner Light<\/h3>\n\n\n\n<p>There\u2019s another way to discover the presence of inner light: through the experience of a blind person regaining sight. Oliver Sacks, the famous British neurologist, described the case of a man named Virgil, who was blind since early childhood and who, at the age of 50, had thick cataracts removed from both lenses. After the operation, his eyes were in perfect condition, but contrary to expectations, he didn\u2019t see the world around him. It was just a \u201cfog\u201d that he could understand only when he heard or touched what was in front of him. Oliver Sacks wrote: \u201cWhen we open our eyes each morning, it is upon a world we have spent a lifetime learning to see. We are not given the world: we make our world through incessant experience, categorization, memory, reconnection.\u201d<span id='easy-footnote-3-62905' class='easy-footnote-margin-adjust'><\/span><span class='easy-footnote'><a href='https:\/\/dasgoetheanum.com\/en\/jacques-lusseyran-and-the-economy-of-light\/#easy-footnote-bottom-3-62905' title='Oliver Sacks, &lt;em&gt;An Anthropologist on Mars: Seven Paradoxical Tales&lt;\/em&gt; (New York: Vintage, 1995), ch. \u201cTo See and Not See.\u201d'><sup>3<\/sup><\/a><\/span> We actually don\u2019t see what appears in front of our eyes (the outer light), but only what we picture within, that is, what we illuminate through interpreting (the inner light) what is in front of us. What we call \u201cseeing\u201d is the encounter between the outer and the inner light.<\/p>\n\n\n<div class=\"wp-block-image\">\n<figure class=\"alignright size-full is-resized\"><img decoding=\"async\" width=\"1500\" height=\"1000\" src=\"https:\/\/dasgoetheanum.com\/wp-content\/uploads\/2024\/12\/G2025_1-2_Web_11.jpg\" alt=\"\" class=\"wp-image-62574\" style=\"width:442px;height:auto\" srcset=\"https:\/\/dasgoetheanum.com\/wp-content\/uploads\/2024\/12\/G2025_1-2_Web_11.jpg 1500w, https:\/\/dasgoetheanum.com\/wp-content\/uploads\/2024\/12\/G2025_1-2_Web_11-300x200.jpg 300w, https:\/\/dasgoetheanum.com\/wp-content\/uploads\/2024\/12\/G2025_1-2_Web_11-770x513.jpg 770w, https:\/\/dasgoetheanum.com\/wp-content\/uploads\/2024\/12\/G2025_1-2_Web_11-1155x770.jpg 1155w, https:\/\/dasgoetheanum.com\/wp-content\/uploads\/2024\/12\/G2025_1-2_Web_11-370x247.jpg 370w\" sizes=\"(max-width: 1500px) 100vw, 1500px\" \/><figcaption class=\"wp-element-caption\">Fig. 1<\/figcaption><\/figure><\/div>\n\n\n<p>When we look at this drawing (Fig. 1) and \u201csee\u201d a cube, part of this \u201ccube\u201d reaches our retina. The retina provides us with a physical, material picture, but we immediately interpret this visual sensation with ideas\u2014of lines, angles, planes, depth, volume, etc.\u2014which we add to this pure visual perception; so what we see is the result, the union of these two lights. This is not only the case when we look at a drawing but also when we look at a real cube or any object. To see a bird, we add the concept \u201cbird\u201d to the moving colors floating in the air. Even when we see a simple spot, we give it meaning by interpreting it as, well, a \u201cspot.\u201d Plato, who studied under Pythagoras, described this process very well. He explained how what he called the lantern of the eye plays as important a role in our vision as sunlight.<span id='easy-footnote-4-62905' class='easy-footnote-margin-adjust'><\/span><span class='easy-footnote'><a href='https:\/\/dasgoetheanum.com\/en\/jacques-lusseyran-and-the-economy-of-light\/#easy-footnote-bottom-4-62905' title='Plato, &lt;em&gt;Timaeus&lt;\/em&gt;.'><sup>4<\/sup><\/a><\/span> When we see, the inner light combines with the outer light\u2014like with like\u2014and together, they form a single, homogeneous body of light. This idea is reflected in Goethe\u2019s famous sentence introducing his <em>Theory of Color<\/em>: \u201cWere the eye not sun-like, how could we behold the light?\u201d<span id='easy-footnote-5-62905' class='easy-footnote-margin-adjust'><\/span><span class='easy-footnote'><a href='https:\/\/dasgoetheanum.com\/en\/jacques-lusseyran-and-the-economy-of-light\/#easy-footnote-bottom-5-62905' title='Johann Wolfgang von Goethe, &lt;em&gt;Theory of Color&lt;\/em&gt; (Cambridge, MA: MIT Press, 1970).'><sup>5<\/sup><\/a><\/span><\/p>\n\n\n\n<p>Of course, there aren\u2019t really two kinds of light, but only one. True light is neither external nor internal; rather, it\u2019s both: it comes from outside and from within, as two sides of the same reality. The moment his physical eyes were taken from him, Jacques Lusseyran found the complete light again within himself. \u201cI became blind and the sun turned around. She left her physical heaven, she leapt into me, she stayed there, she shined there. The plants followed her, the stones, the furniture, all forms and their pleasures\u2014and even the gas lamps on the pavement. Everything is close. Everything is so much closer than with your eyes. Going blind is like changing your center. It\u2019s as if you were thrown so deeply into yourself that this inner self is no longer yours, but grows, conquers space, brings it back to you, and then loosens it and makes it vibrate. And that\u2019s the pulse of a new life.\u201d<span id='easy-footnote-6-62905' class='easy-footnote-margin-adjust'><\/span><span class='easy-footnote'><a href='https:\/\/dasgoetheanum.com\/en\/jacques-lusseyran-and-the-economy-of-light\/#easy-footnote-bottom-6-62905' title='Jacques Lusseyran, &lt;em&gt;Conversation amoureuse&lt;\/em&gt; (Fair Oaks, CA: Rudolf Steiner College, 2018); first published in French in 1990.'><sup>6<\/sup><\/a><\/span><\/p>\n\n\n\n<h3 class=\"wp-block-heading\">Suprasensible Nature of Light<\/h3>\n\n\n\n<p>Many people are surprised by the fact that light is invisible. What we see around us is matter that has been illuminated. Light makes things visible; it allows us to see. But light itself remains suprasensible, invisible. We can observe this by directing a beam of light (for example, a flashlight) into a large, dark room emptied of any obstructions. The beam of light itself remains invisible. The white beam that we normally see coming out of a flashlight is only visible because there\u2019s some kind of matter in its path (water vapor, dust, objects, etc.) If the air were perfectly clean, dry, and empty, everything would remain dark. The landscape that unfolds before our eyes consists of matter: earth, trees, animals&#8230; that all reflect sunlight. I see the blue or gray sky because there\u2019s a layer of cloudy atmosphere of varying thickness between my eyes and the depths of outer space. Beyond the atmospheric layer, the sky appears completely black, even though it\u2019s full of immense distances of light. As soon as a material object (the moon or another planet, a satellite, etc.) enters this space, it shines brightly. Everywhere my eyes see light, they see matter that is more or less illuminated. We could object that we can still see light when we look at a light source such as the sun, the pole star, a lamp, or a flame. Actually, even in this case, we still only see illuminated matter: superheated gases, a lightbulb\u2019s metal filament, etc. Our physical eye, which is made of matter, only ever sees illuminated matter. The light itself is a suprasensible reality.<\/p>\n\n\n\n<p>In outer nature, the active reality of light shows itself in the growth of plants. It\u2019s the splendor of the sun that draws the plant into the cosmic periphery, weaving the living substances formed by photosynthesis and shaping them into the astounding diversity of plant forms\u2014into the stems that reach for the sky, into the leaves, where light creates living substance out of water and carbon dioxide from the air, and finally into the flowers, where they burst forth in beautiful colors, scents, and geometric shapes. Without light, the plant withers and dies, unable to develop and shape its forms.<\/p>\n\n\n\n<p>In the inner space of the human soul, light awakens consciousness. (This undoubtedly also applies to our animal siblings, even if their consciousness doesn\u2019t really fully awaken to self-awareness.) In light, our consciousness feels at home. It can orient itself, connect consciously with things, and perceive their relationships. Light draws our attention and enables us to consciously encounter the world. It reveals what would otherwise remain hidden, closed in on itself. It unveils the world and brings it into appearance. Light itself isn\u2019t visible precisely because it is that which brings things into visibility.<\/p>\n\n\n\n<p>Of course, without an eye that sees, the universe would also be invisible. But, we could also say: In a world where nothing can be seen, no organ of sight would be formed! That which brings things to visibility is also that which brings forth the eye. Goethe expressed it unequivocally: \u201cThe eye owes its existence to light. From indifferent animal organs, light calls forth an organ that will be its equal, and so the eye forms itself through light, for light, thereby enabling inner light to encounter outer light.\u201d<span id='easy-footnote-7-62905' class='easy-footnote-margin-adjust'><\/span><span class='easy-footnote'><a href='https:\/\/dasgoetheanum.com\/en\/jacques-lusseyran-and-the-economy-of-light\/#easy-footnote-bottom-7-62905' title='See footnote 5.'><sup>7<\/sup><\/a><\/span> Already in the embryo, in the darkness of the mother\u2019s womb, the eye is formed by suprasensible light. Even before birth, the human being possesses a light that builds an organ for itself. After birth, when the newborn first opens their eyes, this inward, suprasensible light encounters the outward light that actively weaves life in space. It\u2019s a significant phenomenon that a newborn learns to fix their gaze by first meeting the gaze of another human being, usually their mother. When the two gazes, the two lights, touch, something visible arises. Since our eye is built according to the laws of light and it can produce colors according to the laws that are effective in the world, we can see the colors of the world with its help. How could it be otherwise than that the sense organs are the result of the world\u2019s effects within us?<\/p>\n\n\n<div class=\"wp-block-image\">\n<figure class=\"aligncenter size-large\"><img decoding=\"async\" width=\"1365\" height=\"1024\" src=\"https:\/\/dasgoetheanum.com\/wp-content\/uploads\/2024\/12\/G2025_1-2_Web_15-1-1365x1024.jpg\" alt=\"\" class=\"wp-image-62577\" srcset=\"https:\/\/dasgoetheanum.com\/wp-content\/uploads\/2024\/12\/G2025_1-2_Web_15-1-1365x1024.jpg 1365w, https:\/\/dasgoetheanum.com\/wp-content\/uploads\/2024\/12\/G2025_1-2_Web_15-1-300x225.jpg 300w, https:\/\/dasgoetheanum.com\/wp-content\/uploads\/2024\/12\/G2025_1-2_Web_15-1-770x578.jpg 770w, https:\/\/dasgoetheanum.com\/wp-content\/uploads\/2024\/12\/G2025_1-2_Web_15-1-1536x1152.jpg 1536w, https:\/\/dasgoetheanum.com\/wp-content\/uploads\/2024\/12\/G2025_1-2_Web_15-1.jpg 2000w\" sizes=\"(max-width: 1365px) 100vw, 1365px\" \/><figcaption class=\"wp-element-caption\">Jacques Lusseyran with journalist, 1953<\/figcaption><\/figure><\/div>\n\n\n<h3 class=\"wp-block-heading\">Thought Light<\/h3>\n\n\n\n<p>In a lecture from 1922, Rudolf Steiner described the phenomenon of light as follows: \u201cThe human being is born out of light, and his inwardness, the inwardness of his head, is the result of light. The entire nervous system is, indeed, the result of light. Light is not only transmitted through the eye, but also through the other senses. The eye is only the sense organ that transmits light in a primary way. We cannot say that blind human beings are completely cut off from light. The light works in them; it\u2019s only their conscious perception of light that\u2019s gone.\u201d<span id='easy-footnote-8-62905' class='easy-footnote-margin-adjust'><\/span><span class='easy-footnote'><a href='https:\/\/dasgoetheanum.com\/en\/jacques-lusseyran-and-the-economy-of-light\/#easy-footnote-bottom-8-62905' title='Rudolf Steiner, &lt;em&gt;The Sun Mystery and the Mystery of Death and Resurrection: Exoteric and Esoteric Christianity&lt;\/em&gt;, CW 211 (Great Barrington, MA: SteinerBooks, 2006).'><sup>8<\/sup><\/a><\/span> The \u201cconscious perception of light\u201d is the perception of light reflected by matter. Indeed, our ordinary consciousness must rely upon matter to sustain itself: the matter of the brain and the nervous system and the matter of external objects.<\/p>\n\n\n\n<p>Helen Keller\u2019s testimony is particularly interesting. Blind, deaf, and mute since she was one year old, she described an experience she had at seven, before which she\u2019d lived wholly withdrawn into herself, uttering wild cries, and on the brink of madness: \u201cSome one was drawing water and my teacher placed my hand under the spout. As the cool stream gushed over one hand she spelled into the other the word \u2018water,\u2019 first slowly, then rapidly. I stood still, my whole attention fixed upon the motions of her fingers. Suddenly I felt a misty consciousness as of something forgotten\u2014a thrill of returning thought; and somehow the mystery of language was revealed to me. I knew then that \u2018w-a-t-e-r\u2019 meant the wonderful cool something that was flowing over my hand. That living word awakened my soul, gave it light, hope, joy, set it free.\u201d<span id='easy-footnote-9-62905' class='easy-footnote-margin-adjust'><\/span><span class='easy-footnote'><a href='https:\/\/dasgoetheanum.com\/en\/jacques-lusseyran-and-the-economy-of-light\/#easy-footnote-bottom-9-62905' title='Helen Keller, &lt;em&gt;The Story of My Life&lt;\/em&gt; (New York: Penguin, 2010); first published 1903.'><sup>9<\/sup><\/a><\/span> Like Jacques Lusseyran, Helen Keller studied at a university and went on to write several books.<\/p>\n\n\n\n<p>The word \u201cwater\u201d led little Helen to the concept, to the thought of \u201cwater.\u201d And this thought enlightened her, liberated her, and filled her with joy. Light has the property of allowing us to participate in that which is outside of us. Quietly and actively, light weaves between things, bringing the different parts together and unifying them. Jacques Lusseyran also made the connection between light and joy: \u201cI discovered light and joy at the same time.\u201d<span id='easy-footnote-10-62905' class='easy-footnote-margin-adjust'><\/span><span class='easy-footnote'><a href='https:\/\/dasgoetheanum.com\/en\/jacques-lusseyran-and-the-economy-of-light\/#easy-footnote-bottom-10-62905' title='Jacques Lusseyran, &lt;em&gt;And There Was Light&lt;\/em&gt; (Edinburgh, UK: Floris, 1985); first published in French in 1953.'><sup>10<\/sup><\/a><\/span> It was this true and indestructible joy that enabled him, as we know, to survive the terrible trials of the death camps a few years later while many around him died of despair.<\/p>\n\n\n\n<p>Like light, thought also becomes conscious by attaching itself to matter. As long as my brain is functioning properly, it gives me thoughts. But they are past thoughts, learned thoughts, already known, frozen, and dead, and the connections between my neurons are established automatically. Jacques Lusseyran and Helen Keller show us the way to the true, immaterial, creative, living light: the light that created the eye, the brain, the tree, and the world. The light of the world. This light has a source, and that is the living, new thinking that no longer relies on the preformed circuits of the brain but on the light of living concepts that are always new because they are newly created in the present, in the pure clarity of understanding: \u201cAh, I \u2018see\u2019 what you mean!\u201d We can activate this thinking in us, which draws directly from the light of the living spirit. This is no longer an intellectual activity having to do with formal, learned concepts expressed in empty words, but rather a voluntary, new activity: the purely individual activity of the living spirit in each of us.<\/p>\n\n\n\n<h3 class=\"wp-block-heading\">Metamorphosis of the Soul<\/h3>\n\n\n\n<p>To summarize, with our physical senses, we see the reflection of light on external matter. We receive this reflection of light naturally from our sense organs without us having to do anything other than keep them in good condition. We don\u2019t easily see the inner light that lives in our thoughts; this light that freezes more and more in our brain connections and preconceived ideas as we learn. \u201cThere was only one way,\u201d says Jacques Lusseyran, \u201cto see the inner light: to love.\u201d<span id='easy-footnote-11-62905' class='easy-footnote-margin-adjust'><\/span><span class='easy-footnote'><a href='https:\/\/dasgoetheanum.com\/en\/jacques-lusseyran-and-the-economy-of-light\/#easy-footnote-bottom-11-62905' title=' Jacques Lusseyran, \u201cL\u2019aveugle dans la soci\u00e9t\u00e9,\u201d in &lt;em&gt;La lumi\u00e8re dans les t\u00e9n\u00e8bres&lt;\/em&gt; [Light in the darkness] (Paris: \u00c9ditions Triades, 2002); [cf. \u201cThe Blind in Society,\u201d in &lt;em&gt;Against the Pollution of the I: Selected Writings of Jacques Lusseyran&lt;\/em&gt; (New York: Parabola, 1999).]'><sup>11<\/sup><\/a><\/span>He found that the inner light does not always shine. When he was sad, when he was afraid, when he gave in to anger or hatred, everything went dark and disappeared. When he was happy and attentive, all the pictures became bright.<span id='easy-footnote-12-62905' class='easy-footnote-margin-adjust'><\/span><span class='easy-footnote'><a href='https:\/\/dasgoetheanum.com\/en\/jacques-lusseyran-and-the-economy-of-light\/#easy-footnote-bottom-12-62905' title='Ibid.'><sup>12<\/sup><\/a><\/span><\/p>\n\n\n<div class=\"wp-block-image is-style-rounded\">\n<figure class=\"alignright size-large is-resized\"><img decoding=\"async\" width=\"1024\" height=\"1024\" src=\"https:\/\/dasgoetheanum.com\/wp-content\/uploads\/2024\/12\/G2025_1-2_Web_12-1024x1024.jpg\" alt=\"\" class=\"wp-image-62580\" style=\"width:207px;height:auto\" srcset=\"https:\/\/dasgoetheanum.com\/wp-content\/uploads\/2024\/12\/G2025_1-2_Web_12-1024x1024.jpg 1024w, https:\/\/dasgoetheanum.com\/wp-content\/uploads\/2024\/12\/G2025_1-2_Web_12-300x300.jpg 300w, https:\/\/dasgoetheanum.com\/wp-content\/uploads\/2024\/12\/G2025_1-2_Web_12-200x200.jpg 200w, https:\/\/dasgoetheanum.com\/wp-content\/uploads\/2024\/12\/G2025_1-2_Web_12-770x770.jpg 770w, https:\/\/dasgoetheanum.com\/wp-content\/uploads\/2024\/12\/G2025_1-2_Web_12-150x150.jpg 150w, https:\/\/dasgoetheanum.com\/wp-content\/uploads\/2024\/12\/G2025_1-2_Web_12-70x70.jpg 70w, https:\/\/dasgoetheanum.com\/wp-content\/uploads\/2024\/12\/G2025_1-2_Web_12-293x293.jpg 293w, https:\/\/dasgoetheanum.com\/wp-content\/uploads\/2024\/12\/G2025_1-2_Web_12-390x390.jpg 390w, https:\/\/dasgoetheanum.com\/wp-content\/uploads\/2024\/12\/G2025_1-2_Web_12-585x585.jpg 585w, https:\/\/dasgoetheanum.com\/wp-content\/uploads\/2024\/12\/G2025_1-2_Web_12-900x900.jpg 900w, https:\/\/dasgoetheanum.com\/wp-content\/uploads\/2024\/12\/G2025_1-2_Web_12.jpg 1500w\" sizes=\"(max-width: 1024px) 100vw, 1024px\" \/><figcaption class=\"wp-element-caption\">Raymond Burlotte<\/figcaption><\/figure><\/div>\n\n\n<p>The effort to grasp the light within oneself through clear thinking brings about a metamorphosis in the soul (and, fortunately, we need not lose our physical eyes to be able to realize this). Similar to a magnifying glass that concentrates light at its focal point, living thinking becomes a fire and ignites the will. Focused through the \u2018I,\u2019 the light shines as a moral ideal and ignites our power of initiative. An idea freely generated by the \u2018I,\u2019 without any other reason to act except love for the deed itself, will not remain passive: it joyfully \u201cwills\u201d to be realized through me. In this moment, I act out of moral \u201cunderstanding,\u201d because I comprehend and perceive the meaning of this action within the order of the world, within the evolution and becoming of the world. Jacques Lusseyran\u2019s \u201ceconomy of light\u201d is what will enable humanity to move forward in the growing darkness, as more and more human beings discover it within themselves and bring it to realization in social life.<\/p>\n\n\n\n<hr class=\"wp-block-separator has-alpha-channel-opacity\"\/>\n\n\n\n<p><strong>Translation from French to German<\/strong> Louis Def\u00e8che<br><strong>Translation from German to English<\/strong> Joshua Kelberman<\/p>\n\n\n\n<p><strong>Title image<\/strong> Jean H\u00e9lion, \u201cJacques Lusseyran,\u201d 1958. Private collection, \u00a92024, ProLitteris, Z\u00fcrich.<\/p>\n","protected":false},"excerpt":{"rendered":"<p>Despite his blindness, the experience of light reported by Jacques Lusseyran opens up new perspectives on the nature of light. Lusseyran draws attention to the inner dimension of light and shows how much there is behind what he called the \u201ceconomy of light.\u201d \u201cThe moment I lost my sight, I found the light within me unchanged. I didn\u2019t need to remember what it was for my eyes&nbsp;anymore\u2026 it was there, in my mind and in my body. It was inscribed [&hellip;]<\/p>\n","protected":false},"author":21275,"featured_media":62804,"comment_status":"open","ping_status":"open","sticky":false,"template":"","format":"standard","meta":{"_acf_changed":false,"footnotes":""},"categories":[8788,8839,8793],"tags":[11603,8798,11607],"class_list":["post-62905","post","type-post","status-publish","format-standard","has-post-thumbnail","hentry","category-essay-en","category-nature-experience","category-philosophy","tag-ausgabe-1-2-2025-en","tag-deepening","tag-english-issue-5-2025"],"acf":[],"_links":{"self":[{"href":"https:\/\/dasgoetheanum.com\/en\/wp-json\/wp\/v2\/posts\/62905","targetHints":{"allow":["GET"]}}],"collection":[{"href":"https:\/\/dasgoetheanum.com\/en\/wp-json\/wp\/v2\/posts"}],"about":[{"href":"https:\/\/dasgoetheanum.com\/en\/wp-json\/wp\/v2\/types\/post"}],"author":[{"embeddable":true,"href":"https:\/\/dasgoetheanum.com\/en\/wp-json\/wp\/v2\/users\/21275"}],"replies":[{"embeddable":true,"href":"https:\/\/dasgoetheanum.com\/en\/wp-json\/wp\/v2\/comments?post=62905"}],"version-history":[{"count":0,"href":"https:\/\/dasgoetheanum.com\/en\/wp-json\/wp\/v2\/posts\/62905\/revisions"}],"wp:featuredmedia":[{"embeddable":true,"href":"https:\/\/dasgoetheanum.com\/en\/wp-json\/wp\/v2\/media\/62804"}],"wp:attachment":[{"href":"https:\/\/dasgoetheanum.com\/en\/wp-json\/wp\/v2\/media?parent=62905"}],"wp:term":[{"taxonomy":"category","embeddable":true,"href":"https:\/\/dasgoetheanum.com\/en\/wp-json\/wp\/v2\/categories?post=62905"},{"taxonomy":"post_tag","embeddable":true,"href":"https:\/\/dasgoetheanum.com\/en\/wp-json\/wp\/v2\/tags?post=62905"}],"curies":[{"name":"wp","href":"https:\/\/api.w.org\/{rel}","templated":true}]}}